{"id":36369,"date":"2026-09-02T11:09:11","date_gmt":"2026-09-02T16:09:11","guid":{"rendered":"https:\/\/jer.com.co\/zonafeliz\/?p=36369"},"modified":"2026-09-02T11:09:11","modified_gmt":"2026-09-02T16:09:11","slug":"septiembre-seguro-y-saludable","status":"publish","type":"post","link":"https:\/\/jer.com.co\/zonafeliz\/2026\/09\/02\/septiembre-seguro-y-saludable\/","title":{"rendered":"Septiembre seguro y saludable"},"content":{"rendered":"\n<p class=\"wp-block-paragraph\">Lleg\u00f3 septiembre y con \u00e9l una nueva oportunidad para hacer una pausa, mirarnos, cuidarnos y recordar que nuestro bienestar tambi\u00e9n es una prioridad. \ud83e\udef6<\/p>\n\n\n\n<p class=\"wp-block-paragraph\">Este mes queremos vivir juntos el Mes Seguro y Saludable, un espacio pensado para promover la felicidad, la diversidad, la seguridad y la salud en el trabajo. \ud83c\udf08\ud83d\udee1\ufe0f\ud83d\udc9a<\/p>\n\n\n\n<p class=\"wp-block-paragraph\">Porque estar bien no significa solamente sentirnos bien f\u00edsicamente. Estar bien tambi\u00e9n es cuidar nuestra mente, reconocer nuestras emociones, respetarnos, valorar nuestras diferencias y construir relaciones donde podamos sentirnos seguros y acompa\u00f1ados. \ud83e\udde0\u2764\ufe0f\ud83e\udd1d<\/p>\n\n\n\n<p class=\"wp-block-paragraph\">\ud83c\udf31 Este septiembre te invitamos a:<br>\ud83d\udc9a Cuidar de ti: escucha tu cuerpo, haz pausas, respira, descansa y date permiso para desconectarte cuando lo necesites.<\/p>\n\n\n\n<p class=\"wp-block-paragraph\">\ud83e\udde0 Cuidar tu mente: habla de lo que sientes, pide ayuda cuando la necesites y recuerda que no tienes que resolverlo todo solo.<\/p>\n\n\n\n<p class=\"wp-block-paragraph\">\ud83c\udf08 Respetar las diferencias: cada persona tiene una historia, una forma de pensar y una manera \u00fanica de aportar. Ser diferentes nos hace m\u00e1s fuertes como equipo.<\/p>\n\n\n\n<p class=\"wp-block-paragraph\"><\/p>\n","protected":false},"excerpt":{"rendered":"<p>Lleg\u00f3 septiembre y con \u00e9l una nueva oportunidad para hacer una pausa, mirarnos, cuidarnos y recordar que nuestro bienestar tambi\u00e9n es una prioridad. \ud83e\udef6 Este mes<span class=\"excerpt-hellip\"> [\u2026]<\/span><\/p>\n","protected":false},"author":3,"featured_media":36370,"comment_status":"closed","ping_status":"closed","sticky":false,"template":"","format":"standard","meta":{"footnotes":""},"categories":[8],"tags":[],"class_list":["post-36369","post","type-post","status-publish","format-standard","has-post-thumbnail","hentry","category-notas"],"_links":{"self":[{"href":"https:\/\/jer.com.co\/zonafeliz\/wp-json\/wp\/v2\/posts\/36369","targetHints":{"allow":["GET"]}}],"collection":[{"href":"https:\/\/jer.com.co\/zonafeliz\/wp-json\/wp\/v2\/posts"}],"about":[{"href":"https:\/\/jer.com.co\/zonafeliz\/wp-json\/wp\/v2\/types\/post"}],"author":[{"embeddable":true,"href":"https:\/\/jer.com.co\/zonafeliz\/wp-json\/wp\/v2\/users\/3"}],"replies":[{"embeddable":true,"href":"https:\/\/jer.com.co\/zonafeliz\/wp-json\/wp\/v2\/comments?post=36369"}],"version-history":[{"count":1,"href":"https:\/\/jer.com.co\/zonafeliz\/wp-json\/wp\/v2\/posts\/36369\/revisions"}],"predecessor-version":[{"id":36371,"href":"https:\/\/jer.com.co\/zonafeliz\/wp-json\/wp\/v2\/posts\/36369\/revisions\/36371"}],"wp:featuredmedia":[{"embeddable":true,"href":"https:\/\/jer.com.co\/zonafeliz\/wp-json\/wp\/v2\/media\/36370"}],"wp:attachment":[{"href":"https:\/\/jer.com.co\/zonafeliz\/wp-json\/wp\/v2\/media?parent=36369"}],"wp:term":[{"taxonomy":"category","embeddable":true,"href":"https:\/\/jer.com.co\/zonafeliz\/wp-json\/wp\/v2\/categories?post=36369"},{"taxonomy":"post_tag","embeddable":true,"href":"https:\/\/jer.com.co\/zonafeliz\/wp-json\/wp\/v2\/tags?post=36369"}],"curies":[{"name":"wp","href":"https:\/\/api.w.org\/{rel}","templated":true}]}}